{"id":1027,"date":"2018-07-03T09:46:17","date_gmt":"2018-07-03T07:46:17","guid":{"rendered":"http:\/\/www.burgenlandski.net\/wordpress\/?p=1027"},"modified":"2018-07-03T09:46:17","modified_gmt":"2018-07-03T07:46:17","slug":"oesv-laenderkonferenz-2018-in-bad-aussee","status":"publish","type":"post","link":"http:\/\/www.burgenlandski.net\/wordpress\/oesv-laenderkonferenz-2018-in-bad-aussee\/","title":{"rendered":"\u00d6SV-L\u00e4nderkonferenz 2018 in Bad Aussee"},"content":{"rendered":"<p><span style=\"display: inline !important; float: none; background-color: transparent; color: #3b60ce; font-family: 'Helvetica Neue',Helvetica,Arial,sans-serif; font-size: 16px; font-style: normal; font-variant: normal; font-weight: bold; letter-spacing: normal; line-height: 22.85px; orphans: 2; text-align: left; text-decoration: none; text-indent: 0px; text-transform: none; -webkit-text-stroke-width: 0px; white-space: normal; word-spacing: 0px;\">Die Stadtgemeinde Bad Aussee im steirischen Salzkammergut war am 22. und 23. Juni Schauplatz der 83. Ordentlichen L\u00e4nderkonferenz des \u00d6sterreichischen Skiverbandes. Beim gro\u00dfen Festabend im Kur- und Congresshaus wurden am Freitagabend die Ehrungen und Verabschiedungen verdienter SportlerInnen und Funktion\u00e4re vorgenommen.<\/span><\/p>\n<p>Auch wir durften mehrere Auszeichnungen entgegen nehmen.<\/p>\n<ul>\n<li><span style=\"display: inline !important; float: none; background-color: transparent; color: #696969; font-family: 'Helvetica Neue',Helvetica,Arial,sans-serif; font-size: 15px; font-style: normal; font-variant: normal; font-weight: 400; letter-spacing: normal; orphans: 2; text-align: left; text-decoration: none; text-indent: 0px; text-transform: none; -webkit-text-stroke-width: 0px; white-space: normal; word-spacing: 0px;\">Mit dem &#8222;Goldenen Sportehrenzeichen&#8220; wurde Kristin Hetfleisch ausgezeichnet<\/span><\/li>\n<li><span style=\"display: inline !important; float: none; background-color: transparent; color: #696969; font-family: 'Helvetica Neue',Helvetica,Arial,sans-serif; font-size: 15px; font-style: normal; font-variant: normal; font-weight: 400; letter-spacing: normal; orphans: 2; text-align: left; text-decoration: none; text-indent: 0px; text-transform: none; -webkit-text-stroke-width: 0px; white-space: normal; word-spacing: 0px;\">Mit dem &#8222;Goldenen \u00d6SV-Ehrenzeichen&#8220; wurde Ruth Retter ausgezeichnet<\/span><\/li>\n<\/ul>\n<p>Leider ging auch eine sehr erfolgreiche Karriere zu Ende &#8211; Julia Dujmovits wurde ehrenvoll verabschiedet<\/p>\n","protected":false},"excerpt":{"rendered":"<p>Die Stadtgemeinde Bad Aussee im steirischen Salzkammergut war am 22. und 23. Juni Schauplatz der 83. Ordentlichen L\u00e4nderkonferenz des \u00d6sterreichischen Skiverbandes. Beim gro\u00dfen Festabend im Kur- und Congresshaus wurden am<a class=\"read-more more-link\" href=\"http:\/\/www.burgenlandski.net\/wordpress\/oesv-laenderkonferenz-2018-in-bad-aussee\/\">Continue reading<\/a><\/p>\n","protected":false},"author":16,"featured_media":1029,"comment_status":"closed","ping_status":"open","sticky":false,"template":"","format":"standard","meta":[],"categories":[1],"tags":[56,57,55],"jetpack_featured_media_url":"http:\/\/www.burgenlandski.net\/wordpress\/wp-content\/uploads\/2018\/07\/\u00d6SV-L\u00e4nderkonferenz_2018-gesamt.jpg","yoast_head":"<!-- This site is optimized with the Yoast SEO plugin v15.4 - https:\/\/yoast.com\/wordpress\/plugins\/seo\/ -->\n<title>\u00d6SV-L\u00e4nderkonferenz 2018 in Bad Aussee - Ski Burgenland<\/title>\n<meta name=\"robots\" content=\"index, follow, max-snippet:-1, max-image-preview:large, max-video-preview:-1\" \/>\n<link rel=\"canonical\" href=\"http:\/\/www.burgenlandski.net\/wordpress\/oesv-laenderkonferenz-2018-in-bad-aussee\/\" \/>\n<meta property=\"og:locale\" content=\"de_DE\" \/>\n<meta property=\"og:type\" content=\"article\" \/>\n<meta property=\"og:title\" content=\"\u00d6SV-L\u00e4nderkonferenz 2018 in Bad Aussee - Ski Burgenland\" \/>\n<meta property=\"og:description\" content=\"Die Stadtgemeinde Bad Aussee im steirischen Salzkammergut war am 22. und 23. Juni Schauplatz der 83. Ordentlichen L\u00e4nderkonferenz des \u00d6sterreichischen Skiverbandes. Beim gro\u00dfen Festabend im Kur- und Congresshaus wurden amContinue reading\" \/>\n<meta property=\"og:url\" content=\"http:\/\/www.burgenlandski.net\/wordpress\/oesv-laenderkonferenz-2018-in-bad-aussee\/\" \/>\n<meta property=\"og:site_name\" content=\"Ski Burgenland\" \/>\n<meta property=\"article:published_time\" content=\"2018-07-03T07:46:17+00:00\" \/>\n<meta property=\"og:image\" content=\"http:\/\/www.burgenlandski.net\/wordpress\/wp-content\/uploads\/2018\/07\/\u00d6SV-L\u00e4nderkonferenz_2018-gesamt.jpg\" \/>\n\t<meta property=\"og:image:width\" content=\"1024\" \/>\n\t<meta property=\"og:image:height\" content=\"768\" \/>\n<meta name=\"twitter:card\" content=\"summary\" \/>\n<meta name=\"twitter:label1\" content=\"Verfasst von\">\n\t<meta name=\"twitter:data1\" content=\"Alex Heged\u00fcs\">\n\t<meta name=\"twitter:label2\" content=\"Gesch\u00e4tzte Lesezeit\">\n\t<meta name=\"twitter:data2\" content=\"0\u00a0Minuten\">\n<script type=\"application\/ld+json\" class=\"yoast-schema-graph\">{\"@context\":\"https:\/\/schema.org\",\"@graph\":[{\"@type\":\"WebSite\",\"@id\":\"http:\/\/www.burgenlandski.net\/wordpress\/#website\",\"url\":\"http:\/\/www.burgenlandski.net\/wordpress\/\",\"name\":\"Ski Burgenland\",\"description\":\"Der Burgenl\\u00e4ndische Skiverband\",\"potentialAction\":[{\"@type\":\"SearchAction\",\"target\":\"http:\/\/www.burgenlandski.net\/wordpress\/?s={search_term_string}\",\"query-input\":\"required name=search_term_string\"}],\"inLanguage\":\"de\"},{\"@type\":\"ImageObject\",\"@id\":\"http:\/\/www.burgenlandski.net\/wordpress\/oesv-laenderkonferenz-2018-in-bad-aussee\/#primaryimage\",\"inLanguage\":\"de\",\"url\":\"http:\/\/www.burgenlandski.net\/wordpress\/wp-content\/uploads\/2018\/07\/\\u00d6SV-L\\u00e4nderkonferenz_2018-gesamt.jpg\",\"width\":1024,\"height\":768},{\"@type\":\"WebPage\",\"@id\":\"http:\/\/www.burgenlandski.net\/wordpress\/oesv-laenderkonferenz-2018-in-bad-aussee\/#webpage\",\"url\":\"http:\/\/www.burgenlandski.net\/wordpress\/oesv-laenderkonferenz-2018-in-bad-aussee\/\",\"name\":\"\\u00d6SV-L\\u00e4nderkonferenz 2018 in Bad Aussee - Ski Burgenland\",\"isPartOf\":{\"@id\":\"http:\/\/www.burgenlandski.net\/wordpress\/#website\"},\"primaryImageOfPage\":{\"@id\":\"http:\/\/www.burgenlandski.net\/wordpress\/oesv-laenderkonferenz-2018-in-bad-aussee\/#primaryimage\"},\"datePublished\":\"2018-07-03T07:46:17+00:00\",\"dateModified\":\"2018-07-03T07:46:17+00:00\",\"author\":{\"@id\":\"http:\/\/www.burgenlandski.net\/wordpress\/#\/schema\/person\/82cf6a0914213d2e5bc9f614253157d4\"},\"inLanguage\":\"de\",\"potentialAction\":[{\"@type\":\"ReadAction\",\"target\":[\"http:\/\/www.burgenlandski.net\/wordpress\/oesv-laenderkonferenz-2018-in-bad-aussee\/\"]}]},{\"@type\":\"Person\",\"@id\":\"http:\/\/www.burgenlandski.net\/wordpress\/#\/schema\/person\/82cf6a0914213d2e5bc9f614253157d4\",\"name\":\"Alex Heged\\u00fcs\",\"image\":{\"@type\":\"ImageObject\",\"@id\":\"http:\/\/www.burgenlandski.net\/wordpress\/#personlogo\",\"inLanguage\":\"de\",\"url\":\"http:\/\/2.gravatar.com\/avatar\/87b62875122a301451a28d547f415b66?s=96&d=mm&r=g\",\"caption\":\"Alex Heged\\u00fcs\"}}]}<\/script>\n<!-- \/ Yoast SEO plugin. -->","_links":{"self":[{"href":"http:\/\/www.burgenlandski.net\/wordpress\/wp-json\/wp\/v2\/posts\/1027"}],"collection":[{"href":"http:\/\/www.burgenlandski.net\/wordpress\/wp-json\/wp\/v2\/posts"}],"about":[{"href":"http:\/\/www.burgenlandski.net\/wordpress\/wp-json\/wp\/v2\/types\/post"}],"author":[{"embeddable":true,"href":"http:\/\/www.burgenlandski.net\/wordpress\/wp-json\/wp\/v2\/users\/16"}],"replies":[{"embeddable":true,"href":"http:\/\/www.burgenlandski.net\/wordpress\/wp-json\/wp\/v2\/comments?post=1027"}],"version-history":[{"count":1,"href":"http:\/\/www.burgenlandski.net\/wordpress\/wp-json\/wp\/v2\/posts\/1027\/revisions"}],"predecessor-version":[{"id":1028,"href":"http:\/\/www.burgenlandski.net\/wordpress\/wp-json\/wp\/v2\/posts\/1027\/revisions\/1028"}],"wp:featuredmedia":[{"embeddable":true,"href":"http:\/\/www.burgenlandski.net\/wordpress\/wp-json\/wp\/v2\/media\/1029"}],"wp:attachment":[{"href":"http:\/\/www.burgenlandski.net\/wordpress\/wp-json\/wp\/v2\/media?parent=1027"}],"wp:term":[{"taxonomy":"category","embeddable":true,"href":"http:\/\/www.burgenlandski.net\/wordpress\/wp-json\/wp\/v2\/categories?post=1027"},{"taxonomy":"post_tag","embeddable":true,"href":"http:\/\/www.burgenlandski.net\/wordpress\/wp-json\/wp\/v2\/tags?post=1027"}],"curies":[{"name":"wp","href":"https:\/\/api.w.org\/{rel}","templated":true}]}}