{"id":1407,"date":"2019-12-12T10:14:50","date_gmt":"2019-12-12T09:14:50","guid":{"rendered":"http:\/\/www.burgenlandski.net\/wordpress\/?p=1407"},"modified":"2019-12-12T10:22:12","modified_gmt":"2019-12-12T09:22:12","slug":"special-olympics-burgenland-und-team-dornau-teil-des-burgenlaendischen-schiverbandes","status":"publish","type":"post","link":"http:\/\/www.burgenlandski.net\/wordpress\/special-olympics-burgenland-und-team-dornau-teil-des-burgenlaendischen-schiverbandes\/","title":{"rendered":"Special Olympics Burgenland und Team Dornau Teil des Burgenl\u00e4ndischen Schiverbandes"},"content":{"rendered":"\t\t<div data-elementor-type=\"wp-post\" data-elementor-id=\"1407\" class=\"elementor elementor-1407\" data-elementor-settings=\"[]\">\n\t\t\t\t\t\t<div class=\"elementor-inner\">\n\t\t\t\t\t\t\t<div class=\"elementor-section-wrap\">\n\t\t\t\t\t\t\t<section class=\"elementor-section elementor-top-section elementor-element elementor-element-39673cd3 elementor-section-boxed elementor-section-height-default elementor-section-height-default\" data-id=\"39673cd3\" data-element_type=\"section\">\n\t\t\t\t\t\t<div class=\"elementor-container elementor-column-gap-default\">\n\t\t\t\t\t\t\t<div class=\"elementor-row\">\n\t\t\t\t\t<div class=\"elementor-column elementor-col-100 elementor-top-column elementor-element elementor-element-414e1bb9\" data-id=\"414e1bb9\" data-element_type=\"column\">\n\t\t\t<div class=\"elementor-column-wrap elementor-element-populated\">\n\t\t\t\t\t\t\t<div class=\"elementor-widget-wrap\">\n\t\t\t\t\t\t<div class=\"elementor-element elementor-element-9332f17 elementor-widget elementor-widget-text-editor\" data-id=\"9332f17\" data-element_type=\"widget\" data-widget_type=\"text-editor.default\">\n\t\t\t\t<div class=\"elementor-widget-container\">\n\t\t\t\t\t\t\t\t<div class=\"elementor-text-editor elementor-clearfix\">\n\t\t\t\t<p><!-- [if gte mso 9]&gt;--><\/p><p><!-- [if gte mso 9]&gt;--><\/p><p><span style=\"font-size: 12.0pt;line-height: 130%\">Das Team Dornau, ein Special Olympics Burgenland Verein aus Neumarkt im Tauchental (Gemeinde Stadtschlaining), hat es sich zur Aufgabe gemacht, Sportangebote f\u00fcr Menschen mit kognitiver Beeintr\u00e4chtigung zu setzen. Derzeit werden rund 55 Athletinnen und Athleten von rund 20 ehrenamtlichen Trainerinnen und Trainern in den Sommersportarten Fu\u00dfball, Laufen, Walken, Schwimmen, Leichtathletik, Tischtennis, Bowling und Radfahren sowie in den Wintersportarten Floorball, Stocksport und Schneeschuhlaufen trainiert und auf regionale, nationale und internationale Wettbewerbe vorbereitet. <\/span><\/p><p><span style=\"font-size: 12.0pt;line-height: 130%\">Eine bei den Behindertensportlerinnen und Behindertensportlern sehr beliebte Wintersportart ist Schneeschuhlaufen. In den Wintermonaten wird dies intensiv in Wenigzell trainiert. In Kooperation mit dem Burgenl\u00e4ndischen Schiverband und durch die Unterst\u00fctzung der einzelnen Schiklubs soll in Zukunft der Schisport wieder mehr forciert werden. <\/span><\/p><p><span style=\"font-size: 12.0pt;line-height: 130%\">Sebastian Koller, Special Olympics Trainer im Team Dornau und Vorstandsmitglied im Burgenl\u00e4ndischen Schiverband (Referat Behindertensport) freut sich auf die Zusammenarbeit und auf die kommenden Herausforderungen: <i>\u201e Die Kooperation von Special Olympics Burgenland und vom Team Dornau mit dem Burgenl\u00e4ndischen Schiverband ist \u00f6sterreichweit einzigartig. Wir freuen uns sehr \u00fcber diese Chance und ich bin fest davon \u00fcberzeugt, dass wir gemeinsam viel erreichen k\u00f6nnen. Jetzt gilt es, viele schneehungrige Special Olympics Athletinnen und Athleten ins Boot zu holen und sie f\u00fcr den Schisport zu begeistern. Ich hoffe, dass sich viele M\u00e4dchen und Burschen bei uns melden werden.\u201c<\/i> <\/span><\/p><p><span style=\"font-size: 12.0pt;line-height: 130%\">Im J\u00e4nner 2020 finden in Villach die Nationalen Winterspiele von Special Olympics statt, wo einige burgenl\u00e4ndische Special Olympics Sportlerinnen und Sportler im Schneeschuhlaufen, Floorball und Schifahren dabei sind. Wir w\u00fcnschen auf diesem Weg bereits jetzt alles Gute und viel Erfolg. <\/span><\/p>\t\t\t\t\t<\/div>\n\t\t\t\t\t\t<\/div>\n\t\t\t\t<\/div>\n\t\t\t\t\t\t<\/div>\n\t\t\t\t\t<\/div>\n\t\t<\/div>\n\t\t\t\t\t\t\t\t<\/div>\n\t\t\t\t\t<\/div>\n\t\t<\/section>\n\t\t\t\t<section class=\"elementor-section elementor-top-section elementor-element elementor-element-e7f3913 elementor-section-boxed elementor-section-height-default elementor-section-height-default\" data-id=\"e7f3913\" data-element_type=\"section\">\n\t\t\t\t\t\t<div class=\"elementor-container elementor-column-gap-default\">\n\t\t\t\t\t\t\t<div class=\"elementor-row\">\n\t\t\t\t\t<div class=\"elementor-column elementor-col-50 elementor-top-column elementor-element elementor-element-c1ba350\" data-id=\"c1ba350\" data-element_type=\"column\">\n\t\t\t<div class=\"elementor-column-wrap elementor-element-populated\">\n\t\t\t\t\t\t\t<div class=\"elementor-widget-wrap\">\n\t\t\t\t\t\t<div class=\"elementor-element elementor-element-b63246a elementor-widget elementor-widget-image\" data-id=\"b63246a\" data-element_type=\"widget\" data-widget_type=\"image.default\">\n\t\t\t\t<div class=\"elementor-widget-container\">\n\t\t\t\t\t\t\t\t<div class=\"elementor-image\">\n\t\t\t\t\t\t\t\t\t\t\t\t<img width=\"258\" height=\"258\" src=\"http:\/\/www.burgenlandski.net\/wordpress\/wp-content\/uploads\/2019\/12\/1-Logo-Sportunion-Wohnheim-Dornau-2015-16.jpg\" class=\"attachment-large size-large\" alt=\"\" loading=\"lazy\" srcset=\"http:\/\/www.burgenlandski.net\/wordpress\/wp-content\/uploads\/2019\/12\/1-Logo-Sportunion-Wohnheim-Dornau-2015-16.jpg 258w, http:\/\/www.burgenlandski.net\/wordpress\/wp-content\/uploads\/2019\/12\/1-Logo-Sportunion-Wohnheim-Dornau-2015-16-150x150.jpg 150w, http:\/\/www.burgenlandski.net\/wordpress\/wp-content\/uploads\/2019\/12\/1-Logo-Sportunion-Wohnheim-Dornau-2015-16-100x100.jpg 100w\" sizes=\"(max-width: 258px) 100vw, 258px\" \/>\t\t\t\t\t\t\t\t\t\t\t\t\t\t<\/div>\n\t\t\t\t\t\t<\/div>\n\t\t\t\t<\/div>\n\t\t\t\t\t\t<\/div>\n\t\t\t\t\t<\/div>\n\t\t<\/div>\n\t\t\t\t<div class=\"elementor-column elementor-col-50 elementor-top-column elementor-element elementor-element-281fd01\" data-id=\"281fd01\" data-element_type=\"column\">\n\t\t\t<div class=\"elementor-column-wrap elementor-element-populated\">\n\t\t\t\t\t\t\t<div class=\"elementor-widget-wrap\">\n\t\t\t\t\t\t<div class=\"elementor-element elementor-element-d4cdd4a elementor-widget elementor-widget-image\" data-id=\"d4cdd4a\" data-element_type=\"widget\" data-widget_type=\"image.default\">\n\t\t\t\t<div class=\"elementor-widget-container\">\n\t\t\t\t\t\t\t\t<div class=\"elementor-image\">\n\t\t\t\t\t\t\t\t\t\t\t\t<img width=\"225\" height=\"225\" src=\"http:\/\/www.burgenlandski.net\/wordpress\/wp-content\/uploads\/2019\/12\/Unbenannt.png\" class=\"attachment-large size-large\" alt=\"\" loading=\"lazy\" srcset=\"http:\/\/www.burgenlandski.net\/wordpress\/wp-content\/uploads\/2019\/12\/Unbenannt.png 225w, http:\/\/www.burgenlandski.net\/wordpress\/wp-content\/uploads\/2019\/12\/Unbenannt-150x150.png 150w, http:\/\/www.burgenlandski.net\/wordpress\/wp-content\/uploads\/2019\/12\/Unbenannt-100x100.png 100w\" sizes=\"(max-width: 225px) 100vw, 225px\" \/>\t\t\t\t\t\t\t\t\t\t\t\t\t\t<\/div>\n\t\t\t\t\t\t<\/div>\n\t\t\t\t<\/div>\n\t\t\t\t\t\t<\/div>\n\t\t\t\t\t<\/div>\n\t\t<\/div>\n\t\t\t\t\t\t\t\t<\/div>\n\t\t\t\t\t<\/div>\n\t\t<\/section>\n\t\t\t\t\t\t<\/div>\n\t\t\t\t\t\t<\/div>\n\t\t\t\t\t<\/div>\n\t\t","protected":false},"excerpt":{"rendered":"<p>Das Team Dornau, ein Special Olympics Burgenland Verein aus Neumarkt im Tauchental (Gemeinde Stadtschlaining), hat es sich zur Aufgabe gemacht, Sportangebote f\u00fcr Menschen mit kognitiver Beeintr\u00e4chtigung zu setzen. Derzeit werden<a class=\"read-more more-link\" href=\"http:\/\/www.burgenlandski.net\/wordpress\/special-olympics-burgenland-und-team-dornau-teil-des-burgenlaendischen-schiverbandes\/\">Continue reading<\/a><\/p>\n","protected":false},"author":22,"featured_media":0,"comment_status":"closed","ping_status":"open","sticky":false,"template":"","format":"standard","meta":[],"categories":[1],"tags":[],"jetpack_featured_media_url":"","yoast_head":"<!-- This site is optimized with the Yoast SEO plugin v15.4 - https:\/\/yoast.com\/wordpress\/plugins\/seo\/ -->\n<title>Special Olympics Burgenland und Team Dornau Teil des Burgenl\u00e4ndischen Schiverbandes - Ski Burgenland<\/title>\n<meta name=\"robots\" content=\"index, follow, max-snippet:-1, max-image-preview:large, max-video-preview:-1\" \/>\n<link rel=\"canonical\" href=\"http:\/\/www.burgenlandski.net\/wordpress\/special-olympics-burgenland-und-team-dornau-teil-des-burgenlaendischen-schiverbandes\/\" \/>\n<meta property=\"og:locale\" content=\"de_DE\" \/>\n<meta property=\"og:type\" content=\"article\" \/>\n<meta property=\"og:title\" content=\"Special Olympics Burgenland und Team Dornau Teil des Burgenl\u00e4ndischen Schiverbandes - Ski Burgenland\" \/>\n<meta property=\"og:description\" content=\"Das Team Dornau, ein Special Olympics Burgenland Verein aus Neumarkt im Tauchental (Gemeinde Stadtschlaining), hat es sich zur Aufgabe gemacht, Sportangebote f\u00fcr Menschen mit kognitiver Beeintr\u00e4chtigung zu setzen. Derzeit werdenContinue reading\" \/>\n<meta property=\"og:url\" content=\"http:\/\/www.burgenlandski.net\/wordpress\/special-olympics-burgenland-und-team-dornau-teil-des-burgenlaendischen-schiverbandes\/\" \/>\n<meta property=\"og:site_name\" content=\"Ski Burgenland\" \/>\n<meta property=\"article:published_time\" content=\"2019-12-12T09:14:50+00:00\" \/>\n<meta property=\"article:modified_time\" content=\"2019-12-12T09:22:12+00:00\" \/>\n<meta property=\"og:image\" content=\"http:\/\/www.burgenlandski.net\/wordpress\/wp-content\/uploads\/2019\/12\/1-Logo-Sportunion-Wohnheim-Dornau-2015-16.jpg\" \/>\n<meta name=\"twitter:card\" content=\"summary\" \/>\n<meta name=\"twitter:label1\" content=\"Verfasst von\">\n\t<meta name=\"twitter:data1\" content=\"Koller Sebastian\">\n\t<meta name=\"twitter:label2\" content=\"Gesch\u00e4tzte Lesezeit\">\n\t<meta name=\"twitter:data2\" content=\"1\u00a0Minute\">\n<script type=\"application\/ld+json\" class=\"yoast-schema-graph\">{\"@context\":\"https:\/\/schema.org\",\"@graph\":[{\"@type\":\"WebSite\",\"@id\":\"http:\/\/www.burgenlandski.net\/wordpress\/#website\",\"url\":\"http:\/\/www.burgenlandski.net\/wordpress\/\",\"name\":\"Ski Burgenland\",\"description\":\"Der Burgenl\\u00e4ndische Skiverband\",\"potentialAction\":[{\"@type\":\"SearchAction\",\"target\":\"http:\/\/www.burgenlandski.net\/wordpress\/?s={search_term_string}\",\"query-input\":\"required name=search_term_string\"}],\"inLanguage\":\"de\"},{\"@type\":\"ImageObject\",\"@id\":\"http:\/\/www.burgenlandski.net\/wordpress\/special-olympics-burgenland-und-team-dornau-teil-des-burgenlaendischen-schiverbandes\/#primaryimage\",\"inLanguage\":\"de\",\"url\":\"http:\/\/www.burgenlandski.net\/wordpress\/wp-content\/uploads\/2019\/12\/1-Logo-Sportunion-Wohnheim-Dornau-2015-16.jpg\",\"width\":258,\"height\":258},{\"@type\":\"WebPage\",\"@id\":\"http:\/\/www.burgenlandski.net\/wordpress\/special-olympics-burgenland-und-team-dornau-teil-des-burgenlaendischen-schiverbandes\/#webpage\",\"url\":\"http:\/\/www.burgenlandski.net\/wordpress\/special-olympics-burgenland-und-team-dornau-teil-des-burgenlaendischen-schiverbandes\/\",\"name\":\"Special Olympics Burgenland und Team Dornau Teil des Burgenl\\u00e4ndischen Schiverbandes - Ski Burgenland\",\"isPartOf\":{\"@id\":\"http:\/\/www.burgenlandski.net\/wordpress\/#website\"},\"primaryImageOfPage\":{\"@id\":\"http:\/\/www.burgenlandski.net\/wordpress\/special-olympics-burgenland-und-team-dornau-teil-des-burgenlaendischen-schiverbandes\/#primaryimage\"},\"datePublished\":\"2019-12-12T09:14:50+00:00\",\"dateModified\":\"2019-12-12T09:22:12+00:00\",\"author\":{\"@id\":\"http:\/\/www.burgenlandski.net\/wordpress\/#\/schema\/person\/11a9e3488a2f461740e89da5336d3e71\"},\"inLanguage\":\"de\",\"potentialAction\":[{\"@type\":\"ReadAction\",\"target\":[\"http:\/\/www.burgenlandski.net\/wordpress\/special-olympics-burgenland-und-team-dornau-teil-des-burgenlaendischen-schiverbandes\/\"]}]},{\"@type\":\"Person\",\"@id\":\"http:\/\/www.burgenlandski.net\/wordpress\/#\/schema\/person\/11a9e3488a2f461740e89da5336d3e71\",\"name\":\"Koller Sebastian\",\"image\":{\"@type\":\"ImageObject\",\"@id\":\"http:\/\/www.burgenlandski.net\/wordpress\/#personlogo\",\"inLanguage\":\"de\",\"url\":\"http:\/\/1.gravatar.com\/avatar\/de0f290ddee72d5c8cc0154dfffabba7?s=96&d=mm&r=g\",\"caption\":\"Koller Sebastian\"}}]}<\/script>\n<!-- \/ Yoast SEO plugin. -->","_links":{"self":[{"href":"http:\/\/www.burgenlandski.net\/wordpress\/wp-json\/wp\/v2\/posts\/1407"}],"collection":[{"href":"http:\/\/www.burgenlandski.net\/wordpress\/wp-json\/wp\/v2\/posts"}],"about":[{"href":"http:\/\/www.burgenlandski.net\/wordpress\/wp-json\/wp\/v2\/types\/post"}],"author":[{"embeddable":true,"href":"http:\/\/www.burgenlandski.net\/wordpress\/wp-json\/wp\/v2\/users\/22"}],"replies":[{"embeddable":true,"href":"http:\/\/www.burgenlandski.net\/wordpress\/wp-json\/wp\/v2\/comments?post=1407"}],"version-history":[{"count":3,"href":"http:\/\/www.burgenlandski.net\/wordpress\/wp-json\/wp\/v2\/posts\/1407\/revisions"}],"predecessor-version":[{"id":1412,"href":"http:\/\/www.burgenlandski.net\/wordpress\/wp-json\/wp\/v2\/posts\/1407\/revisions\/1412"}],"wp:attachment":[{"href":"http:\/\/www.burgenlandski.net\/wordpress\/wp-json\/wp\/v2\/media?parent=1407"}],"wp:term":[{"taxonomy":"category","embeddable":true,"href":"http:\/\/www.burgenlandski.net\/wordpress\/wp-json\/wp\/v2\/categories?post=1407"},{"taxonomy":"post_tag","embeddable":true,"href":"http:\/\/www.burgenlandski.net\/wordpress\/wp-json\/wp\/v2\/tags?post=1407"}],"curies":[{"name":"wp","href":"https:\/\/api.w.org\/{rel}","templated":true}]}}