{"id":353,"date":"2018-02-25T14:58:38","date_gmt":"2018-02-25T13:58:38","guid":{"rendered":"http:\/\/www.burgenlandski.net\/wordpress\/?p=353"},"modified":"2018-03-06T19:13:36","modified_gmt":"2018-03-06T18:13:36","slug":"guttmann-oe3","status":"publish","type":"post","link":"http:\/\/www.burgenlandski.net\/wordpress\/guttmann-oe3\/","title":{"rendered":"Andreas Guttmann bei der \u00d63 Challenge"},"content":{"rendered":"<p><strong>Andreas Guttmann<\/strong> hat sich f\u00fcr die <em>\u00d63 Challenge<\/em> qualifiziert und mit Platz 3 das Burgenland sehr gut vertreten!:<\/p>\n<p>Als erster regul\u00e4r im Ziel angekommen, ist Andreas Guttmann aus Oberwart. Mit seiner Zeit von 1 Minute und 13 Sekunden ist der Medizinstudent durchs Ziel gegangen.<\/p>\n<p><a href=\"http:\/\/oe3.orf.at\/stories\/2891274\/\">http:\/\/oe3.orf.at\/stories\/2891274\/<\/a><\/p>\n<p>Wir gratulieren!!!<\/p>\n<p><img loading=\"lazy\" class=\"size-medium wp-image-354 aligncenter\" src=\"http:\/\/www.burgenlandski.net\/wordpress\/wp-content\/uploads\/2018\/02\/Guttmann_\u00d63-225x300.jpg\" alt=\"\" width=\"225\" height=\"300\" \/><\/p>\n","protected":false},"excerpt":{"rendered":"<p>Andreas Guttmann hat sich f\u00fcr die \u00d63 Challenge qualifiziert und mit Platz 3 das Burgenland sehr gut vertreten!: Als erster regul\u00e4r im Ziel angekommen, ist Andreas Guttmann aus Oberwart. Mit<a class=\"read-more more-link\" href=\"http:\/\/www.burgenlandski.net\/wordpress\/guttmann-oe3\/\">Continue reading<\/a><\/p>\n","protected":false},"author":2,"featured_media":354,"comment_status":"closed","ping_status":"open","sticky":false,"template":"","format":"standard","meta":[],"categories":[5],"tags":[6,7,20,19,21],"jetpack_featured_media_url":"http:\/\/www.burgenlandski.net\/wordpress\/wp-content\/uploads\/2018\/02\/Guttmann_\u00d63-e1520360365714.jpg","yoast_head":"<!-- This site is optimized with the Yoast SEO plugin v15.4 - https:\/\/yoast.com\/wordpress\/plugins\/seo\/ -->\n<title>Andreas Guttmann bei der \u00d63 Challenge - Ski Burgenland<\/title>\n<meta name=\"robots\" content=\"index, follow, max-snippet:-1, max-image-preview:large, max-video-preview:-1\" \/>\n<link rel=\"canonical\" href=\"http:\/\/www.burgenlandski.net\/wordpress\/guttmann-oe3\/\" \/>\n<meta property=\"og:locale\" content=\"de_DE\" \/>\n<meta property=\"og:type\" content=\"article\" \/>\n<meta property=\"og:title\" content=\"Andreas Guttmann bei der \u00d63 Challenge - Ski Burgenland\" \/>\n<meta property=\"og:description\" content=\"Andreas Guttmann hat sich f\u00fcr die \u00d63 Challenge qualifiziert und mit Platz 3 das Burgenland sehr gut vertreten!: Als erster regul\u00e4r im Ziel angekommen, ist Andreas Guttmann aus Oberwart. MitContinue reading\" \/>\n<meta property=\"og:url\" content=\"http:\/\/www.burgenlandski.net\/wordpress\/guttmann-oe3\/\" \/>\n<meta property=\"og:site_name\" content=\"Ski Burgenland\" \/>\n<meta property=\"article:published_time\" content=\"2018-02-25T13:58:38+00:00\" \/>\n<meta property=\"article:modified_time\" content=\"2018-03-06T18:13:36+00:00\" \/>\n<meta property=\"og:image\" content=\"http:\/\/www.burgenlandski.net\/wordpress\/wp-content\/uploads\/2018\/02\/Guttmann_\u00d63-e1520360365714.jpg\" \/>\n\t<meta property=\"og:image:width\" content=\"250\" \/>\n\t<meta property=\"og:image:height\" content=\"197\" \/>\n<meta name=\"twitter:card\" content=\"summary\" \/>\n<meta name=\"twitter:label1\" content=\"Verfasst von\">\n\t<meta name=\"twitter:data1\" content=\"Paul Wagner\">\n\t<meta name=\"twitter:label2\" content=\"Gesch\u00e4tzte Lesezeit\">\n\t<meta name=\"twitter:data2\" content=\"0\u00a0Minuten\">\n<script type=\"application\/ld+json\" class=\"yoast-schema-graph\">{\"@context\":\"https:\/\/schema.org\",\"@graph\":[{\"@type\":\"WebSite\",\"@id\":\"http:\/\/www.burgenlandski.net\/wordpress\/#website\",\"url\":\"http:\/\/www.burgenlandski.net\/wordpress\/\",\"name\":\"Ski Burgenland\",\"description\":\"Der Burgenl\\u00e4ndische Skiverband\",\"potentialAction\":[{\"@type\":\"SearchAction\",\"target\":\"http:\/\/www.burgenlandski.net\/wordpress\/?s={search_term_string}\",\"query-input\":\"required name=search_term_string\"}],\"inLanguage\":\"de\"},{\"@type\":\"ImageObject\",\"@id\":\"http:\/\/www.burgenlandski.net\/wordpress\/guttmann-oe3\/#primaryimage\",\"inLanguage\":\"de\",\"url\":\"http:\/\/www.burgenlandski.net\/wordpress\/wp-content\/uploads\/2018\/02\/Guttmann_\\u00d63-e1520360365714.jpg\",\"width\":250,\"height\":197},{\"@type\":\"WebPage\",\"@id\":\"http:\/\/www.burgenlandski.net\/wordpress\/guttmann-oe3\/#webpage\",\"url\":\"http:\/\/www.burgenlandski.net\/wordpress\/guttmann-oe3\/\",\"name\":\"Andreas Guttmann bei der \\u00d63 Challenge - Ski Burgenland\",\"isPartOf\":{\"@id\":\"http:\/\/www.burgenlandski.net\/wordpress\/#website\"},\"primaryImageOfPage\":{\"@id\":\"http:\/\/www.burgenlandski.net\/wordpress\/guttmann-oe3\/#primaryimage\"},\"datePublished\":\"2018-02-25T13:58:38+00:00\",\"dateModified\":\"2018-03-06T18:13:36+00:00\",\"author\":{\"@id\":\"http:\/\/www.burgenlandski.net\/wordpress\/#\/schema\/person\/3b9df1bfb320ae4b1cb8c290bc1f0d0f\"},\"inLanguage\":\"de\",\"potentialAction\":[{\"@type\":\"ReadAction\",\"target\":[\"http:\/\/www.burgenlandski.net\/wordpress\/guttmann-oe3\/\"]}]},{\"@type\":\"Person\",\"@id\":\"http:\/\/www.burgenlandski.net\/wordpress\/#\/schema\/person\/3b9df1bfb320ae4b1cb8c290bc1f0d0f\",\"name\":\"Paul Wagner\",\"image\":{\"@type\":\"ImageObject\",\"@id\":\"http:\/\/www.burgenlandski.net\/wordpress\/#personlogo\",\"inLanguage\":\"de\",\"url\":\"http:\/\/2.gravatar.com\/avatar\/bf86c7ee17210a5da45ec77fb2e5319f?s=96&d=mm&r=g\",\"caption\":\"Paul Wagner\"}}]}<\/script>\n<!-- \/ Yoast SEO plugin. -->","_links":{"self":[{"href":"http:\/\/www.burgenlandski.net\/wordpress\/wp-json\/wp\/v2\/posts\/353"}],"collection":[{"href":"http:\/\/www.burgenlandski.net\/wordpress\/wp-json\/wp\/v2\/posts"}],"about":[{"href":"http:\/\/www.burgenlandski.net\/wordpress\/wp-json\/wp\/v2\/types\/post"}],"author":[{"embeddable":true,"href":"http:\/\/www.burgenlandski.net\/wordpress\/wp-json\/wp\/v2\/users\/2"}],"replies":[{"embeddable":true,"href":"http:\/\/www.burgenlandski.net\/wordpress\/wp-json\/wp\/v2\/comments?post=353"}],"version-history":[{"count":6,"href":"http:\/\/www.burgenlandski.net\/wordpress\/wp-json\/wp\/v2\/posts\/353\/revisions"}],"predecessor-version":[{"id":583,"href":"http:\/\/www.burgenlandski.net\/wordpress\/wp-json\/wp\/v2\/posts\/353\/revisions\/583"}],"wp:featuredmedia":[{"embeddable":true,"href":"http:\/\/www.burgenlandski.net\/wordpress\/wp-json\/wp\/v2\/media\/354"}],"wp:attachment":[{"href":"http:\/\/www.burgenlandski.net\/wordpress\/wp-json\/wp\/v2\/media?parent=353"}],"wp:term":[{"taxonomy":"category","embeddable":true,"href":"http:\/\/www.burgenlandski.net\/wordpress\/wp-json\/wp\/v2\/categories?post=353"},{"taxonomy":"post_tag","embeddable":true,"href":"http:\/\/www.burgenlandski.net\/wordpress\/wp-json\/wp\/v2\/tags?post=353"}],"curies":[{"name":"wp","href":"https:\/\/api.w.org\/{rel}","templated":true}]}}